{"id":1858,"date":"2020-07-02T18:50:17","date_gmt":"2020-07-02T16:50:17","guid":{"rendered":"https:\/\/romuloparraabogado.jcdigital.es\/?p=1858"},"modified":"2022-12-01T21:51:52","modified_gmt":"2022-12-01T19:51:52","slug":"solicitar-arraigo-social-si-soy-solicitante-de-asilo","status":"publish","type":"post","link":"https:\/\/romuloparraabogado.com\/en\/solicitar-arraigo-social-si-soy-solicitante-de-asilo","title":{"rendered":"\u00bfPuedo solicitar arraigo social si soy solicitante de asilo?"},"content":{"rendered":"<a class=\"synved-social-button synved-social-button-share synved-social-size-32 synved-social-resolution-single synved-social-provider-facebook nolightbox\" data-provider=\"facebook\" target=\"_blank\" rel=\"nofollow\" title=\"Compartir en Facebook\" href=\"https:\/\/www.facebook.com\/sharer.php?u=https%3A%2F%2Fromuloparraabogado.com%2Fen%2Fwp-json%2Fwp%2Fv2%2Fposts%2F1858&#038;t=%C2%BFPuedo%20solicitar%20arraigo%20social%20si%20soy%20solicitante%20de%20asilo%3F&#038;s=100&#038;p&#091;url&#093;=https%3A%2F%2Fromuloparraabogado.com%2Fen%2Fwp-json%2Fwp%2Fv2%2Fposts%2F1858&#038;p&#091;images&#093;&#091;0&#093;=https%3A%2F%2Fromuloparraabogado.com%2Fwp-content%2Fuploads%2F2019%2F07%2Fcambio-de-solicitud-de-asilo-a-arraigo-social.jpg&#038;p&#091;title&#093;=%C2%BFPuedo%20solicitar%20arraigo%20social%20si%20soy%20solicitante%20de%20asilo%3F\" style=\"font-size: 0px;width:32px;height:32px;margin:0;margin-bottom:5px;margin-right:5px\"><img decoding=\"async\" alt=\"Facebook\" title=\"Compartir en Facebook\" class=\"synved-share-image synved-social-image synved-social-image-share\" width=\"32\" height=\"32\" style=\"display: inline;width:32px;height:32px;margin: 0;padding: 0;border: none;box-shadow: none\" src=\"https:\/\/romuloparraabogado.com\/wp-content\/plugins\/social-media-feather\/synved-social\/image\/social\/regular\/64x64\/facebook.png\" \/><\/a><a class=\"synved-social-button synved-social-button-share synved-social-size-32 synved-social-resolution-single synved-social-provider-twitter nolightbox\" data-provider=\"twitter\" target=\"_blank\" rel=\"nofollow\" title=\"Compartir en Twitter\" href=\"https:\/\/twitter.com\/intent\/tweet?url=https%3A%2F%2Fromuloparraabogado.com%2Fen%2Fwp-json%2Fwp%2Fv2%2Fposts%2F1858&#038;text=Hey%20check%20this%20out\" style=\"font-size: 0px;width:32px;height:32px;margin:0;margin-bottom:5px;margin-right:5px\"><img decoding=\"async\" alt=\"twitter\" title=\"Compartir en Twitter\" class=\"synved-share-image synved-social-image synved-social-image-share\" width=\"32\" height=\"32\" style=\"display: inline;width:32px;height:32px;margin: 0;padding: 0;border: none;box-shadow: none\" src=\"https:\/\/romuloparraabogado.com\/wp-content\/plugins\/social-media-feather\/synved-social\/image\/social\/regular\/64x64\/twitter.png\" \/><\/a><a class=\"synved-social-button synved-social-button-share synved-social-size-32 synved-social-resolution-single synved-social-provider-linkedin nolightbox\" data-provider=\"linkedin\" target=\"_blank\" rel=\"nofollow\" title=\"Compartir en Linkedin\" href=\"https:\/\/www.linkedin.com\/shareArticle?mini=true&#038;url=https%3A%2F%2Fromuloparraabogado.com%2Fen%2Fwp-json%2Fwp%2Fv2%2Fposts%2F1858&#038;title=%C2%BFPuedo%20solicitar%20arraigo%20social%20si%20soy%20solicitante%20de%20asilo%3F\" style=\"font-size: 0px;width:32px;height:32px;margin:0;margin-bottom:5px;margin-right:5px\"><img decoding=\"async\" alt=\"linkedin\" title=\"Compartir en Linkedin\" class=\"synved-share-image synved-social-image synved-social-image-share\" width=\"32\" height=\"32\" style=\"display: inline;width:32px;height:32px;margin: 0;padding: 0;border: none;box-shadow: none\" src=\"https:\/\/romuloparraabogado.com\/wp-content\/plugins\/social-media-feather\/synved-social\/image\/social\/regular\/64x64\/linkedin.png\" \/><\/a><a class=\"synved-social-button synved-social-button-share synved-social-size-32 synved-social-resolution-single synved-social-provider-mail nolightbox\" data-provider=\"mail\" rel=\"nofollow\" title=\"Comp\u00e1rtelo v\u00eda mail\" href=\"mailto:?subject=%C2%BFPuedo%20solicitar%20arraigo%20social%20si%20soy%20solicitante%20de%20asilo%3F&#038;body=Hey%20check%20this%20out:%20https%3A%2F%2Fromuloparraabogado.com%2Fen%2Fwp-json%2Fwp%2Fv2%2Fposts%2F1858\" style=\"font-size: 0px;width:32px;height:32px;margin:0;margin-bottom:5px\"><img loading=\"lazy\" decoding=\"async\" alt=\"mail\" title=\"Comp\u00e1rtelo v\u00eda mail\" class=\"synved-share-image synved-social-image synved-social-image-share\" width=\"32\" height=\"32\" style=\"display: inline;width:32px;height:32px;margin: 0;padding: 0;border: none;box-shadow: none\" src=\"https:\/\/romuloparraabogado.com\/wp-content\/plugins\/social-media-feather\/synved-social\/image\/social\/regular\/64x64\/mail.png\" \/><\/a>\r\n<h2><a href=\"https:\/\/romuloparraabogado.com\/wp-content\/uploads\/2019\/07\/cambio-de-solicitud-de-asilo-a-arraigo-social.jpg\"><img loading=\"lazy\" decoding=\"async\" class=\"alignnone size-full wp-image-1862\" src=\"https:\/\/romuloparraabogado.com\/wp-content\/uploads\/2019\/07\/cambio-de-solicitud-de-asilo-a-arraigo-social.jpg\" alt=\"asilo vs. arraigo social\" width=\"1200\" height=\"703\" srcset=\"https:\/\/romuloparraabogado.com\/wp-content\/uploads\/2019\/07\/cambio-de-solicitud-de-asilo-a-arraigo-social.jpg 1200w, https:\/\/romuloparraabogado.com\/wp-content\/uploads\/2019\/07\/cambio-de-solicitud-de-asilo-a-arraigo-social-300x176.jpg 300w, https:\/\/romuloparraabogado.com\/wp-content\/uploads\/2019\/07\/cambio-de-solicitud-de-asilo-a-arraigo-social-768x450.jpg 768w, https:\/\/romuloparraabogado.com\/wp-content\/uploads\/2019\/07\/cambio-de-solicitud-de-asilo-a-arraigo-social-1024x600.jpg 1024w, https:\/\/romuloparraabogado.com\/wp-content\/uploads\/2019\/07\/cambio-de-solicitud-de-asilo-a-arraigo-social-100x59.jpg 100w, https:\/\/romuloparraabogado.com\/wp-content\/uploads\/2019\/07\/cambio-de-solicitud-de-asilo-a-arraigo-social-150x88.jpg 150w, https:\/\/romuloparraabogado.com\/wp-content\/uploads\/2019\/07\/cambio-de-solicitud-de-asilo-a-arraigo-social-200x117.jpg 200w, https:\/\/romuloparraabogado.com\/wp-content\/uploads\/2019\/07\/cambio-de-solicitud-de-asilo-a-arraigo-social-450x264.jpg 450w, https:\/\/romuloparraabogado.com\/wp-content\/uploads\/2019\/07\/cambio-de-solicitud-de-asilo-a-arraigo-social-600x352.jpg 600w, https:\/\/romuloparraabogado.com\/wp-content\/uploads\/2019\/07\/cambio-de-solicitud-de-asilo-a-arraigo-social-900x527.jpg 900w\" sizes=\"(max-width: 1200px) 100vw, 1200px\" \/><\/a><\/h2>\r\n<h2><span style=\"color: #008080;\">Te explicamos las posibilidades de solicitar arraigo social si eres solicitante de asilo<\/span><\/h2>\r\n<p>Muchas personas que son solicitantes de asilo y que tienen m\u00e1s de tres a\u00f1os empadronados en Espa\u00f1a nos preguntan si podr\u00edan calificar para un permiso de residencia y trabajo por circunstancias excepcionales, arraigo social. Antes de responder directamente a esta pregunta, conviene aclarar ciertos conceptos.<\/p>\r\n<h3>Las posibles ventajas del arraigo social frente al proceso de asilo<\/h3>\r\n<p>La primera de ellas la certidumbre. Si obtienes el permiso de residencia por arraigo, te garantizas que vas a estar en situaci\u00f3n regular durante un periodo de al menos un a\u00f1o, prorrogable por periodos de dos a\u00f1os si cumples ciertos requisitos.<\/p>\r\n<p>Por el contrario, siendo solicitante de asilo, en cualquier momento podr\u00edan resolver tu solicitud negativamente y encontrarte en la obligaci\u00f3n legal de salir del pa\u00eds o mantenerte en este en situaci\u00f3n irregular.<\/p>\r\n<p>En segundo lugar, siendo solicitante de asilo, legalmente est\u00e1s imposibilitado de salir del territorio espa\u00f1ol. Con un permiso de residencia y trabajo por arraigo social s\u00ed puedes viajar libremente fuera de Espa\u00f1a, siempre que no est\u00e9s m\u00e1s de 6 meses fuera.<\/p>\r\n<p>Por otra parte, el tiempo durante el que posees el permiso por arraigo cuenta a los fines de la residencia legal para obtener la nacionalidad espa\u00f1ola, mientras que el tiempo que est\u00e9s como solicitante de asilo no (salvo que el asilo te sea concedido, en cuyo caso cuenta en un 50%).<\/p>\r\n<p>Por \u00faltimo, con el arraigo social puedes reagrupar a tus familiares directos que est\u00e9n en el exterior, una vez que obtengas una pr\u00f3rroga y cumplas con los dem\u00e1s requisitos.<\/p>\r\n<h3>\u00bfPuedo solicitar arraigo social si soy solicitante de asilo?<\/h3>\r\n<p>Visto lo anterior, pareciera ventajoso obtener el arraigo social. Pero, \u00bfes posible?<\/p>\r\n<p>En nuestro art\u00edculo <a href=\"https:\/\/romuloparraabogado.com\/residencia-en-espana-por-arraigo-social\" target=\"_blank\" rel=\"noopener noreferrer\">C\u00f3mo obtener la residencia en Espa\u00f1a por arraigo social<\/a> explic\u00e1bamos los requisitos para conseguir un permiso de residencia y trabajo por circunstancias excepcionales, arraigo social.<\/p>\r\n<p>De esta forma, si el solicitante de asilo cumple con dichos requisitos, es perfectamente legal y posible aplicar al arraigo social. <a href=\"https:\/\/romuloparraabogado.com\/como-calcular-residencia-en-espana-para-arraigo-social-o-laboral\" target=\"_blank\" rel=\"noopener noreferrer\">Para calcular el tiempo de estad\u00eda de 3 a\u00f1os en Espa\u00f1a<\/a> se tomar\u00e1 en cuenta desde la fecha en que se haya empadronado, independientemente de cu\u00e1l haya sido su situaci\u00f3n legal.<\/p>\r\n<h3>Solicitar arraigo social : \u00bfes conveniente?<\/h3>\r\n<p>Es fundamental tener en cuenta que, aun con todas las ventajas del arraigo social frente al proceso de asilo, pedir el cambio de status tiene sus riesgos. En efecto, al solicitar el arraigo social, se entiende que has renunciado a tu solicitud de asilo. Si por alg\u00fan motivo no te conceden el arraigo social, vas a quedar en situaci\u00f3n irregular. Es decir, podr\u00edas quedar en una situaci\u00f3n m\u00e1s desventajosa que la que ten\u00edas antes de hacer la solicitud.<\/p>\r\n<p>As\u00ed, s\u00f3lo si se est\u00e1 totalmente seguro de que se cumplen en detalle todos los requisitos, es que ser\u00eda realmente conveniente solicitar el arraigo social en este caso.<\/p>\r\n<h3>Solicitud de asilo vs. Arraigo: el caso de los venezolanos<\/h3>\r\n<p>Si eres venezolano, tu situaci\u00f3n es incluso un poco diferente. Como hemos explicado en <a href=\"https:\/\/romuloparraabogado.com\/venezolanos-asilo-denegado-autorizaciones-de-residencia-por-razones-humanitarias\" target=\"_blank\" rel=\"noopener noreferrer\">varios de nuestros art\u00edculos<\/a>, desde febrero de 2019, a aquellos ciudadanos venezolanos a quienes se les deniega el asilo, se les est\u00e1 concediendo autom\u00e1ticamente un permiso de residencia y trabajo por razones humanitarias.<\/p>\r\n<p>De manera que siendo venezolano tienes hasta ahora seguro que al menos obtendr\u00e1s dicho permiso en caso de que te nieguen el asilo. Si presentas una solicitud de arraigo, como explicamos, estar\u00edas renunciando a la solicitud de asilo y, en consecuencia, tambi\u00e9n al permiso de residencia por razones humanitarias. En este caso, pareciera que no vale la pena asumir ese riesgo.<\/p>\r\n<div class=\"synved-social-container synved-social-container-follow\" style=\"text-align: left\"><a class=\"synved-social-button synved-social-button-follow synved-social-size-32 synved-social-resolution-single synved-social-provider-facebook nolightbox\" data-provider=\"facebook\" target=\"_blank\" rel=\"nofollow\" title=\"S\u00edguenos en Facebook\" href=\"https:\/\/www.facebook.com\/R%C3%B3mulo-Parra-Abogado-234475406611433\/\" style=\"font-size: 0px;width:32px;height:32px;margin:0;margin-bottom:5px;margin-right:5px\"><img loading=\"lazy\" decoding=\"async\" alt=\"Facebook\" title=\"S\u00edguenos en Facebook\" class=\"synved-share-image synved-social-image synved-social-image-follow\" width=\"32\" height=\"32\" style=\"display: inline;width:32px;height:32px;margin: 0;padding: 0;border: none;box-shadow: none\" src=\"https:\/\/romuloparraabogado.com\/wp-content\/plugins\/social-media-feather\/synved-social\/image\/social\/regular\/64x64\/facebook.png\" \/><\/a><a class=\"synved-social-button synved-social-button-follow synved-social-size-32 synved-social-resolution-single synved-social-provider-twitter nolightbox\" data-provider=\"twitter\" target=\"_blank\" rel=\"nofollow\" title=\"S\u00edguenos en Twitter\" href=\"https:\/\/twitter.com\/RomuloParraAbog\" style=\"font-size: 0px;width:32px;height:32px;margin:0;margin-bottom:5px;margin-right:5px\"><img loading=\"lazy\" decoding=\"async\" alt=\"twitter\" title=\"S\u00edguenos en Twitter\" class=\"synved-share-image synved-social-image synved-social-image-follow\" width=\"32\" height=\"32\" style=\"display: inline;width:32px;height:32px;margin: 0;padding: 0;border: none;box-shadow: none\" src=\"https:\/\/romuloparraabogado.com\/wp-content\/plugins\/social-media-feather\/synved-social\/image\/social\/regular\/64x64\/twitter.png\" \/><\/a><a class=\"synved-social-button synved-social-button-follow synved-social-size-32 synved-social-resolution-single synved-social-provider-linkedin nolightbox\" data-provider=\"linkedin\" target=\"_blank\" rel=\"nofollow\" title=\"Encu\u00e9ntrame en Linkedin\" href=\"https:\/\/www.linkedin.com\/in\/romulo-parra-abogado?authType=NAME_SEARCH&#038;authToken=QDyS&#038;locale=en_US&#038;trk=tyah&#038;trkInfo=clickedVertical%3Amynetwork%2CentityType%3AentityHistoryName%2CclickedEntityId%3Amynetwork_99620734%2Cidx%3A0\" style=\"font-size: 0px;width:32px;height:32px;margin:0;margin-bottom:5px;margin-right:5px\"><img loading=\"lazy\" decoding=\"async\" alt=\"linkedin\" title=\"Encu\u00e9ntrame en Linkedin\" class=\"synved-share-image synved-social-image synved-social-image-follow\" width=\"32\" height=\"32\" style=\"display: inline;width:32px;height:32px;margin: 0;padding: 0;border: none;box-shadow: none\" src=\"https:\/\/romuloparraabogado.com\/wp-content\/plugins\/social-media-feather\/synved-social\/image\/social\/regular\/64x64\/linkedin.png\" \/><\/a><a class=\"synved-social-button synved-social-button-follow synved-social-size-32 synved-social-resolution-single synved-social-provider-rss nolightbox\" data-provider=\"rss\" target=\"_blank\" rel=\"nofollow\" title=\"Suscr\u00edbete a nuestro RSS FEED\" href=\"https:\/\/feedly.com\/i\/subscription\/feed\/https:\/\/romuloparraabogado.jcdigital.es\/feed\" style=\"font-size: 0px;width:32px;height:32px;margin:0;margin-bottom:5px\"><img loading=\"lazy\" decoding=\"async\" alt=\"rss\" title=\"Suscr\u00edbete a nuestro RSS FEED\" class=\"synved-share-image synved-social-image synved-social-image-follow\" width=\"32\" height=\"32\" style=\"display: inline;width:32px;height:32px;margin: 0;padding: 0;border: none;box-shadow: none\" src=\"https:\/\/romuloparraabogado.com\/wp-content\/plugins\/social-media-feather\/synved-social\/image\/social\/regular\/64x64\/rss.png\" \/><\/a><\/div>","protected":false},"excerpt":{"rendered":"<p>Te explicamos las posibilidades de solicitar arraigo social si eres solicitante de asilo Muchas personas que son solicitantes de asilo y que tienen m\u00e1s de tres a\u00f1os empadronados en Espa\u00f1a nos preguntan si podr\u00edan calificar para un permiso de residencia &hellip;<\/p>\n<p class=\"read-more\"> <a class=\"more-link\" href=\"https:\/\/romuloparraabogado.com\/en\/solicitar-arraigo-social-si-soy-solicitante-de-asilo\"> <span class=\"screen-reader-text\">\u00bfPuedo solicitar arraigo social si soy solicitante de asilo?<\/span> Read More &raquo;<\/a><\/p>\n","protected":false},"author":1,"featured_media":1862,"comment_status":"open","ping_status":"open","sticky":false,"template":"","format":"standard","meta":{"footnotes":""},"categories":[18],"tags":[786,787,388,387,389,788,789],"class_list":["post-1858","post","type-post","status-publish","format-standard","has-post-thumbnail","hentry","category-permisos-de-residencia","tag-arraigo-espana","tag-arraigo-social-espana","tag-arraigo-solicitantes-de-asilo","tag-cambiar-solicitud-de-asilo-a-permiso-de-residencia","tag-pedir-arraigo-social","tag-solicitar-arraigo","tag-solicitar-arraigo-espana"],"aioseo_notices":[],"_links":{"self":[{"href":"https:\/\/romuloparraabogado.com\/en\/wp-json\/wp\/v2\/posts\/1858","targetHints":{"allow":["GET"]}}],"collection":[{"href":"https:\/\/romuloparraabogado.com\/en\/wp-json\/wp\/v2\/posts"}],"about":[{"href":"https:\/\/romuloparraabogado.com\/en\/wp-json\/wp\/v2\/types\/post"}],"author":[{"embeddable":true,"href":"https:\/\/romuloparraabogado.com\/en\/wp-json\/wp\/v2\/users\/1"}],"replies":[{"embeddable":true,"href":"https:\/\/romuloparraabogado.com\/en\/wp-json\/wp\/v2\/comments?post=1858"}],"version-history":[{"count":8,"href":"https:\/\/romuloparraabogado.com\/en\/wp-json\/wp\/v2\/posts\/1858\/revisions"}],"predecessor-version":[{"id":3735,"href":"https:\/\/romuloparraabogado.com\/en\/wp-json\/wp\/v2\/posts\/1858\/revisions\/3735"}],"wp:featuredmedia":[{"embeddable":true,"href":"https:\/\/romuloparraabogado.com\/en\/wp-json\/wp\/v2\/media\/1862"}],"wp:attachment":[{"href":"https:\/\/romuloparraabogado.com\/en\/wp-json\/wp\/v2\/media?parent=1858"}],"wp:term":[{"taxonomy":"category","embeddable":true,"href":"https:\/\/romuloparraabogado.com\/en\/wp-json\/wp\/v2\/categories?post=1858"},{"taxonomy":"post_tag","embeddable":true,"href":"https:\/\/romuloparraabogado.com\/en\/wp-json\/wp\/v2\/tags?post=1858"}],"curies":[{"name":"wp","href":"https:\/\/api.w.org\/{rel}","templated":true}]}}