{"id":1923,"date":"2019-09-21T12:27:07","date_gmt":"2019-09-21T10:27:07","guid":{"rendered":"https:\/\/romuloparraabogado.jcdigital.es\/?p=1923"},"modified":"2021-06-26T11:38:28","modified_gmt":"2021-06-26T09:38:28","slug":"residencia-por-razones-humanitarias-en-espana-todo-lo-que-debes-saber","status":"publish","type":"post","link":"https:\/\/romuloparraabogado.com\/en\/residencia-por-razones-humanitarias-en-espana-todo-lo-que-debes-saber","title":{"rendered":"Residencia por razones humanitarias en Espa\u00f1a: todo lo que debes saber"},"content":{"rendered":"<a class=\"synved-social-button synved-social-button-share synved-social-size-32 synved-social-resolution-single synved-social-provider-facebook nolightbox\" data-provider=\"facebook\" target=\"_blank\" rel=\"nofollow\" title=\"Compartir en Facebook\" href=\"https:\/\/www.facebook.com\/sharer.php?u=https%3A%2F%2Fromuloparraabogado.com%2Fen%2Fwp-json%2Fwp%2Fv2%2Fposts%2F1923&#038;t=Residencia%20por%20razones%20humanitarias%20en%20Espa%C3%B1a%3A%20todo%20lo%20que%20debes%20saber&#038;s=100&#038;p&#091;url&#093;=https%3A%2F%2Fromuloparraabogado.com%2Fen%2Fwp-json%2Fwp%2Fv2%2Fposts%2F1923&#038;p&#091;images&#093;&#091;0&#093;=https%3A%2F%2Fromuloparraabogado.com%2Fwp-content%2Fuploads%2F2019%2F09%2Frazones-humanitarias.jpg&#038;p&#091;title&#093;=Residencia%20por%20razones%20humanitarias%20en%20Espa%C3%B1a%3A%20todo%20lo%20que%20debes%20saber\" style=\"font-size: 0px;width:32px;height:32px;margin:0;margin-bottom:5px;margin-right:5px\"><img decoding=\"async\" alt=\"Facebook\" title=\"Compartir en Facebook\" class=\"synved-share-image synved-social-image synved-social-image-share\" width=\"32\" height=\"32\" style=\"display: inline;width:32px;height:32px;margin: 0;padding: 0;border: none;box-shadow: none\" src=\"https:\/\/romuloparraabogado.com\/wp-content\/plugins\/social-media-feather\/synved-social\/image\/social\/regular\/64x64\/facebook.png\" \/><\/a><a class=\"synved-social-button synved-social-button-share synved-social-size-32 synved-social-resolution-single synved-social-provider-twitter nolightbox\" data-provider=\"twitter\" target=\"_blank\" rel=\"nofollow\" title=\"Compartir en Twitter\" href=\"https:\/\/twitter.com\/intent\/tweet?url=https%3A%2F%2Fromuloparraabogado.com%2Fen%2Fwp-json%2Fwp%2Fv2%2Fposts%2F1923&#038;text=Hey%20check%20this%20out\" style=\"font-size: 0px;width:32px;height:32px;margin:0;margin-bottom:5px;margin-right:5px\"><img decoding=\"async\" alt=\"twitter\" title=\"Compartir en Twitter\" class=\"synved-share-image synved-social-image synved-social-image-share\" width=\"32\" height=\"32\" style=\"display: inline;width:32px;height:32px;margin: 0;padding: 0;border: none;box-shadow: none\" src=\"https:\/\/romuloparraabogado.com\/wp-content\/plugins\/social-media-feather\/synved-social\/image\/social\/regular\/64x64\/twitter.png\" \/><\/a><a class=\"synved-social-button synved-social-button-share synved-social-size-32 synved-social-resolution-single synved-social-provider-linkedin nolightbox\" data-provider=\"linkedin\" target=\"_blank\" rel=\"nofollow\" title=\"Compartir en Linkedin\" href=\"https:\/\/www.linkedin.com\/shareArticle?mini=true&#038;url=https%3A%2F%2Fromuloparraabogado.com%2Fen%2Fwp-json%2Fwp%2Fv2%2Fposts%2F1923&#038;title=Residencia%20por%20razones%20humanitarias%20en%20Espa%C3%B1a%3A%20todo%20lo%20que%20debes%20saber\" style=\"font-size: 0px;width:32px;height:32px;margin:0;margin-bottom:5px;margin-right:5px\"><img decoding=\"async\" alt=\"linkedin\" title=\"Compartir en Linkedin\" class=\"synved-share-image synved-social-image synved-social-image-share\" width=\"32\" height=\"32\" style=\"display: inline;width:32px;height:32px;margin: 0;padding: 0;border: none;box-shadow: none\" src=\"https:\/\/romuloparraabogado.com\/wp-content\/plugins\/social-media-feather\/synved-social\/image\/social\/regular\/64x64\/linkedin.png\" \/><\/a><a class=\"synved-social-button synved-social-button-share synved-social-size-32 synved-social-resolution-single synved-social-provider-mail nolightbox\" data-provider=\"mail\" rel=\"nofollow\" title=\"Comp\u00e1rtelo v\u00eda mail\" href=\"mailto:?subject=Residencia%20por%20razones%20humanitarias%20en%20Espa%C3%B1a%3A%20todo%20lo%20que%20debes%20saber&#038;body=Hey%20check%20this%20out:%20https%3A%2F%2Fromuloparraabogado.com%2Fen%2Fwp-json%2Fwp%2Fv2%2Fposts%2F1923\" style=\"font-size: 0px;width:32px;height:32px;margin:0;margin-bottom:5px\"><img loading=\"lazy\" decoding=\"async\" alt=\"mail\" title=\"Comp\u00e1rtelo v\u00eda mail\" class=\"synved-share-image synved-social-image synved-social-image-share\" width=\"32\" height=\"32\" style=\"display: inline;width:32px;height:32px;margin: 0;padding: 0;border: none;box-shadow: none\" src=\"https:\/\/romuloparraabogado.com\/wp-content\/plugins\/social-media-feather\/synved-social\/image\/social\/regular\/64x64\/mail.png\" \/><\/a>\r\n<p><a href=\"https:\/\/romuloparraabogado.com\/wp-content\/uploads\/2019\/09\/razones-humanitarias.jpg\"><img loading=\"lazy\" decoding=\"async\" class=\"alignnone wp-image-1933\" src=\"https:\/\/romuloparraabogado.com\/wp-content\/uploads\/2019\/09\/razones-humanitarias.jpg\" alt=\"permiso por razones humanitarias\" width=\"650\" height=\"330\" srcset=\"https:\/\/romuloparraabogado.com\/wp-content\/uploads\/2019\/09\/razones-humanitarias.jpg 315w, https:\/\/romuloparraabogado.com\/wp-content\/uploads\/2019\/09\/razones-humanitarias-300x152.jpg 300w, https:\/\/romuloparraabogado.com\/wp-content\/uploads\/2019\/09\/razones-humanitarias-100x51.jpg 100w, https:\/\/romuloparraabogado.com\/wp-content\/uploads\/2019\/09\/razones-humanitarias-150x76.jpg 150w, https:\/\/romuloparraabogado.com\/wp-content\/uploads\/2019\/09\/razones-humanitarias-200x102.jpg 200w\" sizes=\"(max-width: 650px) 100vw, 650px\" \/><\/a><\/p>\r\n<h2><span style=\"color: #008000;\">Conoce los casos de permisos de residencia por razones humanitarias que concede Espa\u00f1a<\/span><\/h2>\r\n<p>La legislaci\u00f3n espa\u00f1ola en materia de extranjer\u00eda contempla la posibilidad de obtener un permiso de residencia y trabajo por circunstancias excepcionales. Se trata de autorizaciones de car\u00e1cter especial para aquellas personas que no califican para los otros tipos de permisos regulares (los permisos regulares son, entre otros, <a href=\"https:\/\/romuloparraabogado.com\/estudiar-en-espana-tips-para-el-visado\" target=\"_blank\" rel=\"noopener noreferrer\">la estancia por estudios<\/a>, o los<a href=\"https:\/\/romuloparraabogado.com\/como-obtener-la-residencia-no-lucrativa-en-espana\" target=\"_blank\" rel=\"noopener noreferrer\"> permisos de residencia no lucrativa<\/a>, de <a href=\"https:\/\/romuloparraabogado.com\/procedimiento-para-tramitar-un-permiso-de-residencia-y-trabajo-inicial\" target=\"_blank\" rel=\"noopener noreferrer\">residencia y trabajo por cuenta propia o ajena<\/a>, o la <a href=\"https:\/\/romuloparraabogado.com\/tarjeta-de-residencia-de-familiar-comunitario-dudas-resueltas\" target=\"_blank\" rel=\"noopener noreferrer\">tarjeta de familiar comunitario<\/a>).<\/p>\r\n<p>A su vez, dentro de los permisos de residencia y trabajo por circunstancias excepcionales se incluyen, adem\u00e1s del <a href=\"https:\/\/romuloparraabogado.com\/residencia-en-espana-por-arraigo-social\" target=\"_blank\" rel=\"noopener noreferrer\">arraigo social<\/a>, <a href=\"https:\/\/romuloparraabogado.com\/como-obtener-el-permiso-de-residencia-en-espana-por-arraigo-laboral\" target=\"_blank\" rel=\"noopener noreferrer\">laboral<\/a> o <a href=\"https:\/\/romuloparraabogado.com\/como-obtener-la-residencia-en-espana-por-arraigo-familiar\" target=\"_blank\" rel=\"noopener noreferrer\">familiar<\/a> (los cuales hemos explicado en detalle como ver\u00e1s en los enlaces), los que se otorgan por razones humanitarias.<\/p>\r\n<h3>Qu\u00e9 son razones humanitarias<\/h3>\r\n<p>La normativa en materia de extranjer\u00eda establece unas 5 situaciones en las que es posible obtener este tipo de permiso, es decir, cu\u00e1ndo estamos en presencia de razones humanitarias propiamente dichas. Estas situaciones son:<\/p>\r\n<h3>1. V\u00edctimas de ciertos delitos, a saber:<\/h3>\r\n<ul>\r\n<li>Los tipificados en los art\u00edculos 311 a 315 (delitos contra los derechos de los trabajadores).<\/li>\r\n<li>Aquellos se\u00f1alados en los art\u00edculos 511.1 y 512 del C\u00f3digo Penal (denegaci\u00f3n de derechos o de servicios por razones discriminatorias).<\/li>\r\n<li>Otros delitos en los que haya concurrido la circunstancia agravante de comisi\u00f3n por motivos racistas, antisemitas o de otra clase de discriminaci\u00f3n. y<\/li>\r\n<li>Delitos por conductas violentas ejercidas en el entorno familiar (tanto violencia de g\u00e9nero como violencia intrafamiliar).<\/li>\r\n<\/ul>\r\n<p>En todos estos casos se requiere que haya reca\u00eddo resoluci\u00f3n judicial finalizadora del procedimiento judicial en la que se establezca la condici\u00f3n de v\u00edctima de tales delitos.<\/p>\r\n<p>Debe tratarse de una sentencia dictada por un juez en Espa\u00f1a. No aplica si la condena se ha dictado en otro pa\u00eds.<\/p>\r\n<h3>2. A quienes acrediten sufrir una enfermedad sobrevenida.<\/h3>\r\n<p>La enfermedad debe ser de car\u00e1cter grave que requiera asistencia sanitaria especializada, no accesible en su pa\u00eds de origen, y que el hecho de ser interrumpida o de no recibirla suponga un grave riesgo para la salud o la vida.<\/p>\r\n<p>A los efectos de acreditar la necesidad, ser\u00e1 preciso un informe cl\u00ednico expedido por la autoridad sanitaria espa\u00f1ola correspondiente.<\/p>\r\n<p>En la pr\u00e1ctica resulta bastante dif\u00edcil obtener este informe, pues los m\u00e9dicos espa\u00f1oles suelen se\u00f1alar que no pueden acreditar que la asistencia no es accesible en el pa\u00eds de origen.<\/p>\r\n<h3>3. Razones humanitarias. Menor extranjero:<\/h3>\r\n<p>que se haya desplazado temporalmente a Espa\u00f1a a efectos de tratamiento m\u00e9dico una vez agotada la posibilidad de prorrogar la situaci\u00f3n de estancia (90 d\u00edas) y siempre que dicha permanencia sea imprescindible para la continuaci\u00f3n del tratamiento. La renovaci\u00f3n de este tipo de autorizaciones se vincular\u00e1 al tiempo m\u00ednimo necesario para completar el tratamiento.<\/p>\r\n<p>En este caso no es necesario que la enfermedad sea preexistente, y suelen otorgarla no s\u00f3lo al menor sino al padre o madre que lo acompa\u00f1an (o a la persona que est\u00e9 a cargo del menor, si es extranjera).<\/p>\r\n<h3>4. Peligro de regreso al pa\u00eds de origen<\/h3>\r\n<p>Pueden ser beneficiarios de un permiso por razones humanitarias quienes acrediten que su traslado al pa\u00eds del que son originarios o proceden, a efectos de solicitar el visado que corresponda, implica un peligro para su seguridad o la de su familia, y que re\u00fanen los dem\u00e1s requisitos para obtener una autorizaci\u00f3n temporal de residencia o de residencia y trabajo.<\/p>\r\n<p>En estos casos, debe insistirse en que no basta con alegar y demostrar el peligro que implica regresar al pa\u00eds de origen, debe demostrarse que se re\u00fanen los requisitos ya sea para obtener un permiso de residencia no lucrativa, por ejemplo, o de residencia y trabajo por cuenta ajena (en este caso la oferta de trabajo ser\u00eda el requisito m\u00e1s importante), o de residencia y trabajo por cuenta propia (proyecto de establecimiento, fondos suficientes, entre otros requisitos).<\/p>\r\n<p>Desde un punto de vista pr\u00e1ctico, esta situaci\u00f3n se traduce en que no ser\u00eda necesario tramitar este tipo de permisos a trav\u00e9s del consulado de Espa\u00f1a en el pa\u00eds de origen, sino que puede hacerse dentro de Espa\u00f1a, en la correspondiente Oficina de Extranjer\u00eda.<\/p>\r\n<h3>5. Razones humanitarias. Personas a quienes se les ha denegado el asilo.<\/h3>\r\n<p>El art\u00edculo 37 b, de la <a href=\"https:\/\/www.boe.es\/buscar\/act.php?id=BOE-A-2009-17242\" target=\"_blank\" rel=\"noopener noreferrer\">Ley Reguladora del Derecho de Asilo y de la Protecci\u00f3n Subsidiaria<\/a>, prev\u00e9 que al solicitante de asilo o protecci\u00f3n subsidiario a quien se le haya denegado su solicitud, se le pueda conceder una autorizaci\u00f3n de residencia por razones humanitarias.<\/p>\r\n<p>En este sentido, hemos explicado en diferentes art\u00edculos, que esta autorizaci\u00f3n <a href=\"https:\/\/romuloparraabogado.com\/residencia-por-razones-humanitarias-para-venezolanos-en-espana-todo-lo-que-sabemos-hasta-ahora\" target=\"_blank\" rel=\"noopener noreferrer\">le ha venido siendo otorgada a los solicitantes con nacionalidad venezolana.<\/a><\/p>\r\n<p>Inicialmente se trat\u00f3 de una <a href=\"https:\/\/romuloparraabogado.com\/reconocen-residencia-por-razones-humanitarias-a-venezolanos\" target=\"_blank\" rel=\"noopener noreferrer\">decisi\u00f3n de la Audiencia Nacional<\/a>, que aplicaba a cada caso en concreto. Luego fue ampliada a<a href=\"https:\/\/romuloparraabogado.com\/residencia-por-razones-humanitarias-a-venezolanos-espana-concede-400-autorizaciones\" target=\"_blank\" rel=\"noopener noreferrer\"> 400 solicitudes denegadas en febrero de 2019<\/a> en concreto. Por \u00faltimo, <a href=\"https:\/\/romuloparraabogado.com\/residencia-por-razones-humanitarias-a-venezolanos\" target=\"_blank\" rel=\"noopener noreferrer\">se ampli\u00f3 a todos los venezolanos que hubiesen solicitado asilo despu\u00e9s del 1 de enero de 2014 y se los hubiesen negado<\/a>. En el enlace anterior podr\u00e1s ver c\u00f3mo tramitarla.<\/p>\r\n<p>\u00a0<\/p>\r\n<div class=\"synved-social-container synved-social-container-follow\" style=\"text-align: left\"><a class=\"synved-social-button synved-social-button-follow synved-social-size-32 synved-social-resolution-single synved-social-provider-facebook nolightbox\" data-provider=\"facebook\" target=\"_blank\" rel=\"nofollow\" title=\"S\u00edguenos en Facebook\" href=\"https:\/\/www.facebook.com\/R%C3%B3mulo-Parra-Abogado-234475406611433\/\" style=\"font-size: 0px;width:32px;height:32px;margin:0;margin-bottom:5px;margin-right:5px\"><img loading=\"lazy\" decoding=\"async\" alt=\"Facebook\" title=\"S\u00edguenos en Facebook\" class=\"synved-share-image synved-social-image synved-social-image-follow\" width=\"32\" height=\"32\" style=\"display: inline;width:32px;height:32px;margin: 0;padding: 0;border: none;box-shadow: none\" src=\"https:\/\/romuloparraabogado.com\/wp-content\/plugins\/social-media-feather\/synved-social\/image\/social\/regular\/64x64\/facebook.png\" \/><\/a><a class=\"synved-social-button synved-social-button-follow synved-social-size-32 synved-social-resolution-single synved-social-provider-twitter nolightbox\" data-provider=\"twitter\" target=\"_blank\" rel=\"nofollow\" title=\"S\u00edguenos en Twitter\" href=\"https:\/\/twitter.com\/RomuloParraAbog\" style=\"font-size: 0px;width:32px;height:32px;margin:0;margin-bottom:5px;margin-right:5px\"><img loading=\"lazy\" decoding=\"async\" alt=\"twitter\" title=\"S\u00edguenos en Twitter\" class=\"synved-share-image synved-social-image synved-social-image-follow\" width=\"32\" height=\"32\" style=\"display: inline;width:32px;height:32px;margin: 0;padding: 0;border: none;box-shadow: none\" src=\"https:\/\/romuloparraabogado.com\/wp-content\/plugins\/social-media-feather\/synved-social\/image\/social\/regular\/64x64\/twitter.png\" \/><\/a><a class=\"synved-social-button synved-social-button-follow synved-social-size-32 synved-social-resolution-single synved-social-provider-linkedin nolightbox\" data-provider=\"linkedin\" target=\"_blank\" rel=\"nofollow\" title=\"Encu\u00e9ntrame en Linkedin\" href=\"https:\/\/www.linkedin.com\/in\/romulo-parra-abogado?authType=NAME_SEARCH&#038;authToken=QDyS&#038;locale=en_US&#038;trk=tyah&#038;trkInfo=clickedVertical%3Amynetwork%2CentityType%3AentityHistoryName%2CclickedEntityId%3Amynetwork_99620734%2Cidx%3A0\" style=\"font-size: 0px;width:32px;height:32px;margin:0;margin-bottom:5px;margin-right:5px\"><img loading=\"lazy\" decoding=\"async\" alt=\"linkedin\" title=\"Encu\u00e9ntrame en Linkedin\" class=\"synved-share-image synved-social-image synved-social-image-follow\" width=\"32\" height=\"32\" style=\"display: inline;width:32px;height:32px;margin: 0;padding: 0;border: none;box-shadow: none\" src=\"https:\/\/romuloparraabogado.com\/wp-content\/plugins\/social-media-feather\/synved-social\/image\/social\/regular\/64x64\/linkedin.png\" \/><\/a><a class=\"synved-social-button synved-social-button-follow synved-social-size-32 synved-social-resolution-single synved-social-provider-rss nolightbox\" data-provider=\"rss\" target=\"_blank\" rel=\"nofollow\" title=\"Suscr\u00edbete a nuestro RSS FEED\" href=\"https:\/\/feedly.com\/i\/subscription\/feed\/https:\/\/romuloparraabogado.jcdigital.es\/feed\" style=\"font-size: 0px;width:32px;height:32px;margin:0;margin-bottom:5px\"><img loading=\"lazy\" decoding=\"async\" alt=\"rss\" title=\"Suscr\u00edbete a nuestro RSS FEED\" class=\"synved-share-image synved-social-image synved-social-image-follow\" width=\"32\" height=\"32\" style=\"display: inline;width:32px;height:32px;margin: 0;padding: 0;border: none;box-shadow: none\" src=\"https:\/\/romuloparraabogado.com\/wp-content\/plugins\/social-media-feather\/synved-social\/image\/social\/regular\/64x64\/rss.png\" \/><\/a><\/div>","protected":false},"excerpt":{"rendered":"<p>Conoce los casos de permisos de residencia por razones humanitarias que concede Espa\u00f1a La legislaci\u00f3n espa\u00f1ola en materia de extranjer\u00eda contempla la posibilidad de obtener un permiso de residencia y trabajo por circunstancias excepcionales. Se trata de autorizaciones de car\u00e1cter &hellip;<\/p>\n<p class=\"read-more\"> <a class=\"more-link\" href=\"https:\/\/romuloparraabogado.com\/en\/residencia-por-razones-humanitarias-en-espana-todo-lo-que-debes-saber\"> <span class=\"screen-reader-text\">Residencia por razones humanitarias en Espa\u00f1a: todo lo que debes saber<\/span> Read More &raquo;<\/a><\/p>\n","protected":false},"author":1,"featured_media":1933,"comment_status":"open","ping_status":"open","sticky":false,"template":"","format":"standard","meta":{"footnotes":""},"categories":[18],"tags":[17,359,393],"class_list":["post-1923","post","type-post","status-publish","format-standard","has-post-thumbnail","hentry","category-permisos-de-residencia","tag-permiso-residencia","tag-razones-humanitarias","tag-residencia-por-enfermedad"],"aioseo_notices":[],"_links":{"self":[{"href":"https:\/\/romuloparraabogado.com\/en\/wp-json\/wp\/v2\/posts\/1923","targetHints":{"allow":["GET"]}}],"collection":[{"href":"https:\/\/romuloparraabogado.com\/en\/wp-json\/wp\/v2\/posts"}],"about":[{"href":"https:\/\/romuloparraabogado.com\/en\/wp-json\/wp\/v2\/types\/post"}],"author":[{"embeddable":true,"href":"https:\/\/romuloparraabogado.com\/en\/wp-json\/wp\/v2\/users\/1"}],"replies":[{"embeddable":true,"href":"https:\/\/romuloparraabogado.com\/en\/wp-json\/wp\/v2\/comments?post=1923"}],"version-history":[{"count":14,"href":"https:\/\/romuloparraabogado.com\/en\/wp-json\/wp\/v2\/posts\/1923\/revisions"}],"predecessor-version":[{"id":3333,"href":"https:\/\/romuloparraabogado.com\/en\/wp-json\/wp\/v2\/posts\/1923\/revisions\/3333"}],"wp:featuredmedia":[{"embeddable":true,"href":"https:\/\/romuloparraabogado.com\/en\/wp-json\/wp\/v2\/media\/1933"}],"wp:attachment":[{"href":"https:\/\/romuloparraabogado.com\/en\/wp-json\/wp\/v2\/media?parent=1923"}],"wp:term":[{"taxonomy":"category","embeddable":true,"href":"https:\/\/romuloparraabogado.com\/en\/wp-json\/wp\/v2\/categories?post=1923"},{"taxonomy":"post_tag","embeddable":true,"href":"https:\/\/romuloparraabogado.com\/en\/wp-json\/wp\/v2\/tags?post=1923"}],"curies":[{"name":"wp","href":"https:\/\/api.w.org\/{rel}","templated":true}]}}